{"id":823,"date":"2022-05-22T18:46:00","date_gmt":"2022-05-22T16:46:00","guid":{"rendered":"http:\/\/oriniok.pl\/spacerPL\/?p=823"},"modified":"2022-06-25T13:09:23","modified_gmt":"2022-06-25T11:09:23","slug":"kaplica-przypalacowa-budynek-palacu-czeczow","status":"publish","type":"post","link":"http:\/\/oriniok.pl\/spacerPL\/index.php\/2022\/05\/22\/kaplica-przypalacowa-budynek-palacu-czeczow\/","title":{"rendered":"Kaplica przypa\u0142acowa (budynek Pa\u0142acu Czecz\u00f3w)"},"content":{"rendered":"\t\t<div data-elementor-type=\"wp-post\" data-elementor-id=\"823\" class=\"elementor elementor-823\">\n\t\t\t\t\t\t\t\t\t<section class=\"elementor-section elementor-top-section elementor-element elementor-element-22d08f1a elementor-section-boxed elementor-section-height-default elementor-section-height-default\" data-id=\"22d08f1a\" data-element_type=\"section\">\n\t\t\t\t\t\t<div class=\"elementor-container elementor-column-gap-default\">\n\t\t\t\t\t<div class=\"elementor-column elementor-col-100 elementor-top-column elementor-element elementor-element-f9ff3b5\" data-id=\"f9ff3b5\" data-element_type=\"column\">\n\t\t\t<div class=\"elementor-widget-wrap elementor-element-populated\">\n\t\t\t\t\t\t\t\t<div class=\"elementor-element elementor-element-65b9edd elementor-widget elementor-widget-heading\" data-id=\"65b9edd\" data-element_type=\"widget\" data-widget_type=\"heading.default\">\n\t\t\t\t<div class=\"elementor-widget-container\">\n\t\t\t<style>\/*! elementor - v3.6.5 - 27-04-2022 *\/\n.elementor-heading-title{padding:0;margin:0;line-height:1}.elementor-widget-heading .elementor-heading-title[class*=elementor-size-]>a{color:inherit;font-size:inherit;line-height:inherit}.elementor-widget-heading .elementor-heading-title.elementor-size-small{font-size:15px}.elementor-widget-heading .elementor-heading-title.elementor-size-medium{font-size:19px}.elementor-widget-heading .elementor-heading-title.elementor-size-large{font-size:29px}.elementor-widget-heading .elementor-heading-title.elementor-size-xl{font-size:39px}.elementor-widget-heading .elementor-heading-title.elementor-size-xxl{font-size:59px}<\/style><h3 class=\"elementor-heading-title elementor-size-default\">Kaplica przypa\u0142acowa (budynek Pa\u0142acu Czecz\u00f3w)<\/h3>\t\t<\/div>\n\t\t\t\t<\/div>\n\t\t\t\t<div class=\"elementor-element elementor-element-e867e4b elementor-widget elementor-widget-text-editor\" data-id=\"e867e4b\" data-element_type=\"widget\" data-widget_type=\"text-editor.default\">\n\t\t\t\t<div class=\"elementor-widget-container\">\n\t\t\t<style>\/*! elementor - v3.6.5 - 27-04-2022 *\/\n.elementor-widget-text-editor.elementor-drop-cap-view-stacked .elementor-drop-cap{background-color:#818a91;color:#fff}.elementor-widget-text-editor.elementor-drop-cap-view-framed .elementor-drop-cap{color:#818a91;border:3px solid;background-color:transparent}.elementor-widget-text-editor:not(.elementor-drop-cap-view-default) .elementor-drop-cap{margin-top:8px}.elementor-widget-text-editor:not(.elementor-drop-cap-view-default) .elementor-drop-cap-letter{width:1em;height:1em}.elementor-widget-text-editor .elementor-drop-cap{float:left;text-align:center;line-height:1;font-size:50px}.elementor-widget-text-editor .elementor-drop-cap-letter{display:inline-block}<\/style>\t\t\t\t<!-- wp:paragraph -->\n<p>Kaplica z po\u0142. XIX wieku w stylu neogotyckim. We wn\u0119ce na elewacji pierwotnie znajdowa\u0142a si\u0119 drewniana kapliczka z rze\u017ab\u0105 Maryi z Dzieci\u0105tkiem (obecnie w Izbie Historycznej im. Adolfa Zubera w Pa\u0142acu Czecz\u00f3w). Kaplica zwie\u0144czon\u0105 jest nisk\u0105 wie\u017c\u0105.<\/p>\n<!-- \/wp:paragraph -->\t\t\t\t\t\t<\/div>\n\t\t\t\t<\/div>\n\t\t\t\t\t<\/div>\n\t\t<\/div>\n\t\t\t\t\t\t\t<\/div>\n\t\t<\/section>\n\t\t\t\t<section class=\"elementor-section elementor-top-section elementor-element elementor-element-e873e6d elementor-section-boxed elementor-section-height-default elementor-section-height-default\" data-id=\"e873e6d\" data-element_type=\"section\">\n\t\t\t\t\t\t<div class=\"elementor-container elementor-column-gap-default\">\n\t\t\t\t\t<div class=\"elementor-column elementor-col-100 elementor-top-column elementor-element elementor-element-0338879\" data-id=\"0338879\" data-element_type=\"column\">\n\t\t\t<div class=\"elementor-widget-wrap elementor-element-populated\">\n\t\t\t\t\t\t\t\t<div class=\"elementor-element elementor-element-b1b88d0 elementor-widget elementor-widget-image\" data-id=\"b1b88d0\" data-element_type=\"widget\" data-widget_type=\"image.default\">\n\t\t\t\t<div class=\"elementor-widget-container\">\n\t\t\t<style>\/*! elementor - v3.6.5 - 27-04-2022 *\/\n.elementor-widget-image{text-align:center}.elementor-widget-image a{display:inline-block}.elementor-widget-image a img[src$=\".svg\"]{width:48px}.elementor-widget-image img{vertical-align:middle;display:inline-block}<\/style>\t\t\t\t\t\t\t\t\t\t\t\t<img loading=\"lazy\" decoding=\"async\" width=\"1024\" height=\"682\" src=\"http:\/\/oriniok.pl\/spacerPL\/wp-content\/uploads\/2022\/05\/15_kaplica-1024x682.jpg\" class=\"attachment-large size-large\" alt=\"\" srcset=\"http:\/\/oriniok.pl\/spacerPL\/wp-content\/uploads\/2022\/05\/15_kaplica-1024x682.jpg 1024w, http:\/\/oriniok.pl\/spacerPL\/wp-content\/uploads\/2022\/05\/15_kaplica-300x200.jpg 300w, http:\/\/oriniok.pl\/spacerPL\/wp-content\/uploads\/2022\/05\/15_kaplica-768x512.jpg 768w, http:\/\/oriniok.pl\/spacerPL\/wp-content\/uploads\/2022\/05\/15_kaplica.jpg 1400w\" sizes=\"auto, (max-width: 1024px) 100vw, 1024px\" \/>\t\t\t\t\t\t\t\t\t\t\t\t\t\t\t<\/div>\n\t\t\t\t<\/div>\n\t\t\t\t\t<\/div>\n\t\t<\/div>\n\t\t\t\t\t\t\t<\/div>\n\t\t<\/section>\n\t\t\t\t\t\t\t<\/div>\n\t\t","protected":false},"excerpt":{"rendered":"<p>Kaplica przypa\u0142acowa (budynek Pa\u0142acu Czecz\u00f3w) Kaplica z po\u0142. XIX wieku w stylu neogotyckim. We wn\u0119ce na elewacji pierwotnie znajdowa\u0142a si\u0119 drewniana kapliczka z rze\u017ab\u0105 Maryi z Dzieci\u0105tkiem (obecnie w Izbie Historycznej im. Adolfa Zubera w Pa\u0142acu Czecz\u00f3w). Kaplica zwie\u0144czon\u0105 jest nisk\u0105 wie\u017c\u0105.<\/p>\n","protected":false},"author":1,"featured_media":0,"comment_status":"closed","ping_status":"closed","sticky":false,"template":"","format":"standard","meta":{"site-sidebar-layout":"default","site-content-layout":"default","ast-global-header-display":"","ast-main-header-display":"","ast-hfb-above-header-display":"","ast-hfb-below-header-display":"","ast-hfb-mobile-header-display":"","site-post-title":"","ast-breadcrumbs-content":"","ast-featured-img":"","footer-sml-layout":"","theme-transparent-header-meta":"","adv-header-id-meta":"","stick-header-meta":"","header-above-stick-meta":"","header-main-stick-meta":"","header-below-stick-meta":"","footnotes":""},"categories":[4],"tags":[],"class_list":["post-823","post","type-post","status-publish","format-standard","hentry","category-elementy_sztuki"],"_links":{"self":[{"href":"http:\/\/oriniok.pl\/spacerPL\/index.php\/wp-json\/wp\/v2\/posts\/823","targetHints":{"allow":["GET"]}}],"collection":[{"href":"http:\/\/oriniok.pl\/spacerPL\/index.php\/wp-json\/wp\/v2\/posts"}],"about":[{"href":"http:\/\/oriniok.pl\/spacerPL\/index.php\/wp-json\/wp\/v2\/types\/post"}],"author":[{"embeddable":true,"href":"http:\/\/oriniok.pl\/spacerPL\/index.php\/wp-json\/wp\/v2\/users\/1"}],"replies":[{"embeddable":true,"href":"http:\/\/oriniok.pl\/spacerPL\/index.php\/wp-json\/wp\/v2\/comments?post=823"}],"version-history":[{"count":7,"href":"http:\/\/oriniok.pl\/spacerPL\/index.php\/wp-json\/wp\/v2\/posts\/823\/revisions"}],"predecessor-version":[{"id":1109,"href":"http:\/\/oriniok.pl\/spacerPL\/index.php\/wp-json\/wp\/v2\/posts\/823\/revisions\/1109"}],"wp:attachment":[{"href":"http:\/\/oriniok.pl\/spacerPL\/index.php\/wp-json\/wp\/v2\/media?parent=823"}],"wp:term":[{"taxonomy":"category","embeddable":true,"href":"http:\/\/oriniok.pl\/spacerPL\/index.php\/wp-json\/wp\/v2\/categories?post=823"},{"taxonomy":"post_tag","embeddable":true,"href":"http:\/\/oriniok.pl\/spacerPL\/index.php\/wp-json\/wp\/v2\/tags?post=823"}],"curies":[{"name":"wp","href":"https:\/\/api.w.org\/{rel}","templated":true}]}}