{"id":531,"date":"2022-05-22T19:01:30","date_gmt":"2022-05-22T17:01:30","guid":{"rendered":"http:\/\/oriniok.pl\/spacerPL\/index.php\/2021\/01\/21\/how-to-improve-venenatis-ultrices-nulla\/"},"modified":"2022-06-25T13:20:09","modified_gmt":"2022-06-25T11:20:09","slug":"kamienny_krzyz","status":"publish","type":"post","link":"http:\/\/oriniok.pl\/spacerPL\/index.php\/2022\/05\/22\/kamienny_krzyz\/","title":{"rendered":"Kamienny krzy\u017c przydro\u017cny (Plac Ks. Karola Kochaja)"},"content":{"rendered":"\t\t<div data-elementor-type=\"wp-post\" data-elementor-id=\"531\" class=\"elementor elementor-531\">\n\t\t\t\t\t\t\t\t\t<section class=\"elementor-section elementor-top-section elementor-element elementor-element-42d51ac0 elementor-section-boxed elementor-section-height-default elementor-section-height-default\" data-id=\"42d51ac0\" data-element_type=\"section\">\n\t\t\t\t\t\t<div class=\"elementor-container elementor-column-gap-default\">\n\t\t\t\t\t<div class=\"elementor-column elementor-col-100 elementor-top-column elementor-element elementor-element-10964819\" data-id=\"10964819\" data-element_type=\"column\">\n\t\t\t<div class=\"elementor-widget-wrap elementor-element-populated\">\n\t\t\t\t\t\t\t\t<div class=\"elementor-element elementor-element-6bbdad3 elementor-widget elementor-widget-heading\" data-id=\"6bbdad3\" data-element_type=\"widget\" data-widget_type=\"heading.default\">\n\t\t\t\t<div class=\"elementor-widget-container\">\n\t\t\t<style>\/*! elementor - v3.6.5 - 27-04-2022 *\/\n.elementor-heading-title{padding:0;margin:0;line-height:1}.elementor-widget-heading .elementor-heading-title[class*=elementor-size-]>a{color:inherit;font-size:inherit;line-height:inherit}.elementor-widget-heading .elementor-heading-title.elementor-size-small{font-size:15px}.elementor-widget-heading .elementor-heading-title.elementor-size-medium{font-size:19px}.elementor-widget-heading .elementor-heading-title.elementor-size-large{font-size:29px}.elementor-widget-heading .elementor-heading-title.elementor-size-xl{font-size:39px}.elementor-widget-heading .elementor-heading-title.elementor-size-xxl{font-size:59px}<\/style><h3 class=\"elementor-heading-title elementor-size-default\">Kamienny krzy\u017c przydro\u017cny (Plac Ks. Karola Kochaja)<\/h3>\t\t<\/div>\n\t\t\t\t<\/div>\n\t\t\t\t<div class=\"elementor-element elementor-element-3910ca69 elementor-widget elementor-widget-text-editor\" data-id=\"3910ca69\" data-element_type=\"widget\" data-widget_type=\"text-editor.default\">\n\t\t\t\t<div class=\"elementor-widget-container\">\n\t\t\t<style>\/*! elementor - v3.6.5 - 27-04-2022 *\/\n.elementor-widget-text-editor.elementor-drop-cap-view-stacked .elementor-drop-cap{background-color:#818a91;color:#fff}.elementor-widget-text-editor.elementor-drop-cap-view-framed .elementor-drop-cap{color:#818a91;border:3px solid;background-color:transparent}.elementor-widget-text-editor:not(.elementor-drop-cap-view-default) .elementor-drop-cap{margin-top:8px}.elementor-widget-text-editor:not(.elementor-drop-cap-view-default) .elementor-drop-cap-letter{width:1em;height:1em}.elementor-widget-text-editor .elementor-drop-cap{float:left;text-align:center;line-height:1;font-size:50px}.elementor-widget-text-editor .elementor-drop-cap-letter{display:inline-block}<\/style>\t\t\t\t<p><!-- wp:paragraph --><\/p>\n<p>Krzy\u017c z 1861 r. z kamienn\u0105 p\u0142askorze\u017ab\u0105 Matki Bo\u017cej i rze\u017ab\u0105 Chrystusa ukrzy\u017cowanego.<\/p>\n<p><!-- \/wp:paragraph --><\/p>\t\t\t\t\t\t<\/div>\n\t\t\t\t<\/div>\n\t\t\t\t\t<\/div>\n\t\t<\/div>\n\t\t\t\t\t\t\t<\/div>\n\t\t<\/section>\n\t\t\t\t<section class=\"elementor-section elementor-top-section elementor-element elementor-element-622ed93 elementor-section-boxed elementor-section-height-default elementor-section-height-default\" data-id=\"622ed93\" data-element_type=\"section\">\n\t\t\t\t\t\t<div class=\"elementor-container elementor-column-gap-default\">\n\t\t\t\t\t<div class=\"elementor-column elementor-col-100 elementor-top-column elementor-element elementor-element-1227379\" data-id=\"1227379\" data-element_type=\"column\">\n\t\t\t<div class=\"elementor-widget-wrap elementor-element-populated\">\n\t\t\t\t\t\t\t\t<div class=\"elementor-element elementor-element-f3b753b elementor-widget elementor-widget-image\" data-id=\"f3b753b\" data-element_type=\"widget\" data-widget_type=\"image.default\">\n\t\t\t\t<div class=\"elementor-widget-container\">\n\t\t\t<style>\/*! elementor - v3.6.5 - 27-04-2022 *\/\n.elementor-widget-image{text-align:center}.elementor-widget-image a{display:inline-block}.elementor-widget-image a img[src$=\".svg\"]{width:48px}.elementor-widget-image img{vertical-align:middle;display:inline-block}<\/style>\t\t\t\t\t\t\t\t\t\t\t\t<img loading=\"lazy\" decoding=\"async\" width=\"1024\" height=\"682\" src=\"http:\/\/oriniok.pl\/spacerPL\/wp-content\/uploads\/2022\/05\/1_krzyz-1024x682.jpg\" class=\"attachment-large size-large\" alt=\"Kamienny krzy\u017c przydro\u017cny (Plac Ks. Karola Kochaja)\" srcset=\"http:\/\/oriniok.pl\/spacerPL\/wp-content\/uploads\/2022\/05\/1_krzyz-1024x682.jpg 1024w, http:\/\/oriniok.pl\/spacerPL\/wp-content\/uploads\/2022\/05\/1_krzyz-300x200.jpg 300w, http:\/\/oriniok.pl\/spacerPL\/wp-content\/uploads\/2022\/05\/1_krzyz-768x512.jpg 768w, http:\/\/oriniok.pl\/spacerPL\/wp-content\/uploads\/2022\/05\/1_krzyz.jpg 1400w\" sizes=\"auto, (max-width: 1024px) 100vw, 1024px\" \/>\t\t\t\t\t\t\t\t\t\t\t\t\t\t\t<\/div>\n\t\t\t\t<\/div>\n\t\t\t\t\t<\/div>\n\t\t<\/div>\n\t\t\t\t\t\t\t<\/div>\n\t\t<\/section>\n\t\t\t\t\t\t\t<\/div>\n\t\t","protected":false},"excerpt":{"rendered":"<p>Kamienny krzy\u017c przydro\u017cny (Plac Ks. Karola Kochaja) Krzy\u017c z 1861 r. z kamienn\u0105 p\u0142askorze\u017ab\u0105 Matki Bo\u017cej i rze\u017ab\u0105 Chrystusa ukrzy\u017cowanego.<\/p>\n","protected":false},"author":1,"featured_media":0,"comment_status":"closed","ping_status":"closed","sticky":false,"template":"","format":"standard","meta":{"site-sidebar-layout":"default","site-content-layout":"plain-container","ast-global-header-display":"","ast-main-header-display":"","ast-hfb-above-header-display":"","ast-hfb-below-header-display":"","ast-hfb-mobile-header-display":"","site-post-title":"","ast-breadcrumbs-content":"","ast-featured-img":"","footer-sml-layout":"","theme-transparent-header-meta":"default","adv-header-id-meta":"","stick-header-meta":"","header-above-stick-meta":"","header-main-stick-meta":"","header-below-stick-meta":"","footnotes":""},"categories":[4],"tags":[],"class_list":["post-531","post","type-post","status-publish","format-standard","hentry","category-elementy_sztuki"],"_links":{"self":[{"href":"http:\/\/oriniok.pl\/spacerPL\/index.php\/wp-json\/wp\/v2\/posts\/531","targetHints":{"allow":["GET"]}}],"collection":[{"href":"http:\/\/oriniok.pl\/spacerPL\/index.php\/wp-json\/wp\/v2\/posts"}],"about":[{"href":"http:\/\/oriniok.pl\/spacerPL\/index.php\/wp-json\/wp\/v2\/types\/post"}],"author":[{"embeddable":true,"href":"http:\/\/oriniok.pl\/spacerPL\/index.php\/wp-json\/wp\/v2\/users\/1"}],"replies":[{"embeddable":true,"href":"http:\/\/oriniok.pl\/spacerPL\/index.php\/wp-json\/wp\/v2\/comments?post=531"}],"version-history":[{"count":22,"href":"http:\/\/oriniok.pl\/spacerPL\/index.php\/wp-json\/wp\/v2\/posts\/531\/revisions"}],"predecessor-version":[{"id":1152,"href":"http:\/\/oriniok.pl\/spacerPL\/index.php\/wp-json\/wp\/v2\/posts\/531\/revisions\/1152"}],"wp:attachment":[{"href":"http:\/\/oriniok.pl\/spacerPL\/index.php\/wp-json\/wp\/v2\/media?parent=531"}],"wp:term":[{"taxonomy":"category","embeddable":true,"href":"http:\/\/oriniok.pl\/spacerPL\/index.php\/wp-json\/wp\/v2\/categories?post=531"},{"taxonomy":"post_tag","embeddable":true,"href":"http:\/\/oriniok.pl\/spacerPL\/index.php\/wp-json\/wp\/v2\/tags?post=531"}],"curies":[{"name":"wp","href":"https:\/\/api.w.org\/{rel}","templated":true}]}}